{"id":7153,"date":"2026-02-23T19:53:22","date_gmt":"2026-02-23T19:53:22","guid":{"rendered":"https:\/\/makethingshappentoday.com\/?p=7153"},"modified":"2026-02-23T20:28:28","modified_gmt":"2026-02-23T20:28:28","slug":"diagnoza-adhd-u-dziecka","status":"publish","type":"post","link":"https:\/\/makethingshappentoday.com\/de\/2026\/02\/23\/diagnoza-adhd-u-dziecka\/","title":{"rendered":"Diagnoza ADHD u dziecka &#8211; kompleksowa ocena funkcjonowania dziecka | S\u0142ubice"},"content":{"rendered":"<p class=\"wp-block-paragraph\">Diagnoza ADHD&#8230;  Trudno\u015bci z koncentracj\u0105, impulsywno\u015b\u0107, nadmierna ruchliwo\u015b\u0107 czy problemy szkolne cz\u0119sto budz\u0105 u rodzic\u00f3w pytanie:<\/p>\n\n\n\n<p class=\"wp-block-paragraph\">Czy moje dziecko ma ADHD?<\/p>\n\n\n\n<p class=\"wp-block-paragraph\">Rzetelna odpowied\u017a nie powstaje podczas jednej wizyty ani na podstawie jednego testu.<\/p>\n\n\n\n<p class=\"wp-block-paragraph\">Diagnoza jest procesem, kt\u00f3ry pozwala zrozumie\u0107 funkcjonowanie dziecka i przyczyny trudno\u015bci.<\/p>\n\n\n\n<p class=\"wp-block-paragraph\">W NeuroMind prowadzona jest <strong>kompleksowa ocena funkcjonowania dziecka w kierunku ADHD<\/strong>, oparta na standaryzowanych narz\u0119dziach psychologicznych oraz analizie klinicznej.<\/p>\n\n\n\n<p class=\"wp-block-paragraph\">Celem nie jest nadanie etykiety, ale <strong>zrozumienie dziecka i dobranie najlepszego wsparcia<\/strong>.<\/p>\n\n\n\n<p class=\"wp-block-paragraph\">\u2e3b<\/p>\n\n\n\n<p class=\"wp-block-paragraph\"><strong>Dlaczego oceniamy funkcjonowanie dziecka, a nie tylko objawy?<\/strong><\/p>\n\n\n\n<p class=\"wp-block-paragraph\">Podobne trudno\u015bci mog\u0105 mie\u0107 r\u00f3\u017cne przyczyny.<\/p>\n\n\n\n<p class=\"wp-block-paragraph\">Czasami jest to ADHD, ale r\u00f3wnie cz\u0119sto:<\/p>\n\n\n\n<p class=\"wp-block-paragraph\">\u2022 napi\u0119cie emocjonalne<\/p>\n\n\n\n<p class=\"wp-block-paragraph\">\u2022 przeci\u0105\u017cenie szkolne<\/p>\n\n\n\n<p class=\"wp-block-paragraph\">\u2022 wysoka wra\u017cliwo\u015b\u0107<\/p>\n\n\n\n<p class=\"wp-block-paragraph\">\u2022 trudno\u015bci regulacyjne<\/p>\n\n\n\n<p class=\"wp-block-paragraph\">\u2022 sytuacja \u017cyciowa dziecka<\/p>\n\n\n\n<p class=\"wp-block-paragraph\">\u2022 r\u00f3\u017cnice rozwojowe<\/p>\n\n\n\n<p class=\"wp-block-paragraph\">Dlatego diagnoza obejmuje analiz\u0119 ca\u0142o\u015bci funkcjonowania dziecka &#8211; emocji, zachowania, \u015brodowiska rodzinnego i szkolnego.<\/p>\n\n\n\n<p class=\"wp-block-paragraph\"><\/p>\n\n\n\n<figure class=\"wp-block-image size-large\"><img data-recalc-dims=\"1\" loading=\"lazy\" decoding=\"async\" width=\"620\" height=\"930\" data-attachment-id=\"7161\" data-permalink=\"https:\/\/makethingshappentoday.com\/de\/2026\/02\/23\/diagnoza-adhd-u-dziecka\/b54e1d10-a3c2-463d-b3c4-d67b9668bd90-2\/#main\" data-orig-file=\"https:\/\/i0.wp.com\/makethingshappentoday.com\/wp-content\/uploads\/2026\/02\/B54E1D10-A3C2-463D-B3C4-D67B9668BD90-1.png?fit=1024%2C1536&amp;ssl=1\" data-orig-size=\"1024,1536\" data-comments-opened=\"1\" data-image-meta=\"{&quot;aperture&quot;:&quot;0&quot;,&quot;credit&quot;:&quot;&quot;,&quot;camera&quot;:&quot;&quot;,&quot;caption&quot;:&quot;&quot;,&quot;created_timestamp&quot;:&quot;0&quot;,&quot;copyright&quot;:&quot;&quot;,&quot;focal_length&quot;:&quot;0&quot;,&quot;iso&quot;:&quot;0&quot;,&quot;shutter_speed&quot;:&quot;0&quot;,&quot;title&quot;:&quot;&quot;,&quot;orientation&quot;:&quot;0&quot;}\" data-image-title=\"B54E1D10-A3C2-463D-B3C4-D67B9668BD90\" data-image-description=\"\" data-image-caption=\"\" data-large-file=\"https:\/\/i0.wp.com\/makethingshappentoday.com\/wp-content\/uploads\/2026\/02\/B54E1D10-A3C2-463D-B3C4-D67B9668BD90-1.png?fit=620%2C930&amp;ssl=1\" src=\"https:\/\/i0.wp.com\/makethingshappentoday.com\/wp-content\/uploads\/2026\/02\/B54E1D10-A3C2-463D-B3C4-D67B9668BD90-1.png?resize=620%2C930&#038;ssl=1\" alt=\"Diagnoza ADHD u dziecka - kompleksowa ocena funkcjonowania dziecka | S\u0142ubice\" class=\"wp-image-7161\" srcset=\"https:\/\/i0.wp.com\/makethingshappentoday.com\/wp-content\/uploads\/2026\/02\/B54E1D10-A3C2-463D-B3C4-D67B9668BD90-1.png?resize=683%2C1024&amp;ssl=1 683w, https:\/\/i0.wp.com\/makethingshappentoday.com\/wp-content\/uploads\/2026\/02\/B54E1D10-A3C2-463D-B3C4-D67B9668BD90-1.png?resize=200%2C300&amp;ssl=1 200w, https:\/\/i0.wp.com\/makethingshappentoday.com\/wp-content\/uploads\/2026\/02\/B54E1D10-A3C2-463D-B3C4-D67B9668BD90-1.png?resize=768%2C1152&amp;ssl=1 768w, https:\/\/i0.wp.com\/makethingshappentoday.com\/wp-content\/uploads\/2026\/02\/B54E1D10-A3C2-463D-B3C4-D67B9668BD90-1.png?resize=8%2C12&amp;ssl=1 8w, https:\/\/i0.wp.com\/makethingshappentoday.com\/wp-content\/uploads\/2026\/02\/B54E1D10-A3C2-463D-B3C4-D67B9668BD90-1.png?resize=253%2C380&amp;ssl=1 253w, https:\/\/i0.wp.com\/makethingshappentoday.com\/wp-content\/uploads\/2026\/02\/B54E1D10-A3C2-463D-B3C4-D67B9668BD90-1.png?resize=600%2C900&amp;ssl=1 600w, https:\/\/i0.wp.com\/makethingshappentoday.com\/wp-content\/uploads\/2026\/02\/B54E1D10-A3C2-463D-B3C4-D67B9668BD90-1.png?w=1024&amp;ssl=1 1024w\" sizes=\"auto, (max-width: 620px) 100vw, 620px\" \/><\/figure>\n\n\n\n<p class=\"wp-block-paragraph\">\u2e3b<\/p>\n\n\n\n<p class=\"wp-block-paragraph\"><strong>Jak wygl\u0105da diagnoza ADHD krok po kroku?<\/strong><\/p>\n\n\n\n<p class=\"wp-block-paragraph\"><strong>1.<\/strong> <strong>Konsultacja wst\u0119pna &#8211; pierwszy krok<\/strong><\/p>\n\n\n\n<p class=\"wp-block-paragraph\">Je\u015bli nie masz pewno\u015bci, czy trudno\u015bci Twojego dziecka wymagaj\u0105 pe\u0142nej diagnozy, mo\u017cesz rozpocz\u0105\u0107 od konsultacji z rodzicem.<\/p>\n\n\n\n<p class=\"wp-block-paragraph\">Podczas spotkania omawiamy:<\/p>\n\n\n\n<p class=\"wp-block-paragraph\">\u2022 obserwowane trudno\u015bci<\/p>\n\n\n\n<p class=\"wp-block-paragraph\">\u2022 rozw\u00f3j dziecka<\/p>\n\n\n\n<p class=\"wp-block-paragraph\">\u2022 funkcjonowanie w domu i szkole<\/p>\n\n\n\n<p class=\"wp-block-paragraph\">\u2022 Twoje w\u0105tpliwo\u015bci jako rodzica<\/p>\n\n\n\n<p class=\"wp-block-paragraph\">Na tej podstawie wsp\u00f3lnie oceniamy, czy wskazana jest dalsza diagnoza, czy wystarczaj\u0105ce b\u0119d\u0105 inne formy wsparcia.<\/p>\n\n\n\n<p class=\"wp-block-paragraph\">Konsultacja nie oznacza konieczno\u015bci rozpoczynania pe\u0142nego procesu diagnostycznego.<\/p>\n\n\n\n<p class=\"wp-block-paragraph\"><strong>Koszt konsultacji: 250 z\u0142<\/strong><\/p>\n\n\n\n<p class=\"wp-block-paragraph\">W przypadku decyzji o rozpocz\u0119ciu diagnozy koszt konsultacji mo\u017ce zosta\u0107 wliczony w cen\u0119 pakietu diagnostycznego.<\/p>\n\n\n\n<p class=\"wp-block-paragraph\">Wielu rodzic\u00f3w rozpoczyna w\u0142a\u015bnie od konsultacji, aby spokojnie om\u00f3wi\u0107 sytuacj\u0119 dziecka i podj\u0105\u0107 \u015bwiadom\u0105 decyzj\u0119 o dalszych krokach.<\/p>\n\n\n\n<p class=\"wp-block-paragraph\">Czasami ju\u017c jedno spotkanie pozwala lepiej zrozumie\u0107 potrzeby dziecka i okre\u015bli\u0107 kierunek wsparcia.<\/p>\n\n\n\n<p class=\"wp-block-paragraph\">Mo\u017cliwa forma: stacjonarnie lub online.<\/p>\n\n\n\n<p class=\"wp-block-paragraph\">\u2e3b<\/p>\n\n\n\n<p class=\"wp-block-paragraph\"><strong>Um\u00f3w konsultacj\u0119 psychologiczn\u0105<\/strong><\/p>\n\n\n\n<p class=\"wp-block-paragraph\">\ud83d\udc49 <strong>Zarezerwuj termin online: Konsultacja z rodzicem<\/strong><\/p>\n\n\n\n<p class=\"wp-block-paragraph\"><a href=\"https:\/\/booksy.com\/pl-pl\/314703_neuromind_inni_18058_slubice#ba_s=seo\" target=\"_blank\" rel=\"noopener\">https:\/\/booksy.com\/pl &#8211; NEURO MIND<\/a><\/p>\n\n\n\n<p class=\"wp-block-paragraph\">\u2e3b<\/p>\n\n\n\n<p class=\"wp-block-paragraph\"><strong>2. Spotkanie diagnostyczne z dzieckiem<\/strong><\/p>\n\n\n\n<p class=\"wp-block-paragraph\">Obserwacja funkcjonowania dziecka w gabinecie oraz zadania dostosowane do wieku.<\/p>\n\n\n\n<p class=\"wp-block-paragraph\">Spotkanie odbywa si\u0119 na \u017cywo, poniewa\u017c bezpo\u015bredni kontakt jest kluczowy diagnostycznie.<\/p>\n\n\n\n<p class=\"wp-block-paragraph\">\u2e3b<\/p>\n\n\n\n<p class=\"wp-block-paragraph\"><strong>3. Kwestionariusze diagnostyczne &#8211; Conners-3<\/strong><\/p>\n\n\n\n<p class=\"wp-block-paragraph\"><br>W procesie oceny wykorzystywany jest standaryzowany test psychologiczny <strong>Conners-3<\/strong> &#8211; jedno z najcz\u0119\u015bciej stosowanych narz\u0119dzi na \u015bwiecie wspieraj\u0105cych ocen\u0119 objaw\u00f3w zwi\u0105zanych z koncentracj\u0105 uwagi, impulsywno\u015bci\u0105 i nadpobudliwo\u015bci\u0105 u dzieci i m\u0142odzie\u017cy.<\/p>\n\n\n\n<p class=\"wp-block-paragraph\">Kwestionariusze wype\u0142niaj\u0105:<\/p>\n\n\n\n<p class=\"wp-block-paragraph\">\u2714 rodzic<\/p>\n\n\n\n<p class=\"wp-block-paragraph\">\u2714 nauczyciel lub wychowawca<\/p>\n\n\n\n<p class=\"wp-block-paragraph\">\u2714 dziecko (je\u015bli wiek pozwala)<\/p>\n\n\n\n<p class=\"wp-block-paragraph\">Wyniki por\u00f3wnywane s\u0105 z normami statystycznymi dla wieku dziecka.<\/p>\n\n\n\n<p class=\"wp-block-paragraph\">Minimalny wiek: od 6 lat.<\/p>\n\n\n\n<p class=\"wp-block-paragraph\">\u2e3b<\/p>\n\n\n\n<p class=\"wp-block-paragraph\"><strong>4. Analiza specjalistyczna i diagnoza r\u00f3\u017cnicowa<\/strong><\/p>\n\n\n\n<p class=\"wp-block-paragraph\">Integracja wszystkich informacji:<\/p>\n\n\n\n<p class=\"wp-block-paragraph\">\u2022 wywiadu<\/p>\n\n\n\n<p class=\"wp-block-paragraph\">\u2022 obserwacji<\/p>\n\n\n\n<p class=\"wp-block-paragraph\">\u2022 wynik\u00f3w test\u00f3w<\/p>\n\n\n\n<p class=\"wp-block-paragraph\">\u2022 funkcjonowania emocjonalnego<\/p>\n\n\n\n<p class=\"wp-block-paragraph\">Diagnoza r\u00f3\u017cnicowa pozwala oceni\u0107, czy trudno\u015bci wynikaj\u0105 z ADHD czy innych czynnik\u00f3w.<\/p>\n\n\n\n<p class=\"wp-block-paragraph\">\u2e3b<\/p>\n\n\n\n<p class=\"wp-block-paragraph\"><strong>5. Om\u00f3wienie wynik\u00f3w i zalecenia<\/strong><\/p>\n\n\n\n<p class=\"wp-block-paragraph\">Rodzice otrzymuj\u0105:<\/p>\n\n\n\n<p class=\"wp-block-paragraph\">\u2714 wyja\u015bnienie wynik\u00f3w<\/p>\n\n\n\n<p class=\"wp-block-paragraph\">\u2714 wskaz\u00f3wki do pracy z dzieckiem<\/p>\n\n\n\n<p class=\"wp-block-paragraph\">\u2714 zalecenia dla szko\u0142y lub przedszkola<\/p>\n\n\n\n<p class=\"wp-block-paragraph\">\u2714 rekomendacje dalszego wsparcia<\/p>\n\n\n\n<p class=\"wp-block-paragraph\">\u2e3b<\/p>\n\n\n\n<p class=\"wp-block-paragraph\"><strong>Co obejmuje diagnoza?<\/strong><\/p>\n\n\n\n<p class=\"wp-block-paragraph\">Proces zawiera:<\/p>\n\n\n\n<p class=\"wp-block-paragraph\">\u2705 standaryzowany test Conners-3<\/p>\n\n\n\n<p class=\"wp-block-paragraph\">\u2705 szczeg\u00f3\u0142owy wywiad rozwojowy<\/p>\n\n\n\n<p class=\"wp-block-paragraph\">\u2705 spotkanie diagnostyczne z dzieckiem<\/p>\n\n\n\n<p class=\"wp-block-paragraph\">\u2705 ocen\u0119 funkcjonowania w domu i szkole<\/p>\n\n\n\n<p class=\"wp-block-paragraph\">\u2705 analiz\u0119 informacji od nauczyciela<\/p>\n\n\n\n<p class=\"wp-block-paragraph\">\u2705 diagnoz\u0119 r\u00f3\u017cnicow\u0105<\/p>\n\n\n\n<p class=\"wp-block-paragraph\">\u2705 interpretacj\u0119 wynik\u00f3w<\/p>\n\n\n\n<p class=\"wp-block-paragraph\">\u2705 indywidualne zalecenia<\/p>\n\n\n\n<p class=\"wp-block-paragraph\">\u2705 wskaz\u00f3wki dla szko\u0142y<\/p>\n\n\n\n<p class=\"wp-block-paragraph\">\u2705 rekomendacje dalszego wsparcia<\/p>\n\n\n\n<p class=\"wp-block-paragraph\">\u2e3b<\/p>\n\n\n\n<p class=\"wp-block-paragraph\"><strong>Rzetelna diagnoza to proces &#8211; nie jedna wizyta<\/strong><\/p>\n\n\n\n<p class=\"wp-block-paragraph\">Test psychologiczny sam w sobie nie diagnozuje ADHD.<\/p>\n\n\n\n<p class=\"wp-block-paragraph\">Diagnoza powstaje dopiero poprzez po\u0142\u0105czenie:<\/p>\n\n\n\n<p class=\"wp-block-paragraph\">\u2022 wywiadu<\/p>\n\n\n\n<p class=\"wp-block-paragraph\">\u2022 obserwacji<\/p>\n\n\n\n<p class=\"wp-block-paragraph\">\u2022 informacji ze szko\u0142y<\/p>\n\n\n\n<p class=\"wp-block-paragraph\">\u2022 wynik\u00f3w test\u00f3w<\/p>\n\n\n\n<p class=\"wp-block-paragraph\">\u2022 analizy specjalistycznej<\/p>\n\n\n\n<p class=\"wp-block-paragraph\">\u2e3b<\/p>\n\n\n\n<p class=\"wp-block-paragraph\"><strong>Kiedy warto zg\u0142osi\u0107 dziecko?<\/strong><\/p>\n\n\n\n<p class=\"wp-block-paragraph\">Je\u015bli obserwujesz:<\/p>\n\n\n\n<p class=\"wp-block-paragraph\">\u2714 trudno\u015bci z koncentracj\u0105<\/p>\n\n\n\n<p class=\"wp-block-paragraph\">\u2714 impulsywno\u015b\u0107<\/p>\n\n\n\n<p class=\"wp-block-paragraph\">\u2714 nadmiern\u0105 ruchliwo\u015b\u0107<\/p>\n\n\n\n<p class=\"wp-block-paragraph\">\u2714 problemy szkolne<\/p>\n\n\n\n<p class=\"wp-block-paragraph\">\u2714 wybuchy emocji<\/p>\n\n\n\n<p class=\"wp-block-paragraph\">\u2714 trudno\u015bci w relacjach &#8230; &#8211; warto skonsultowa\u0107 funkcjonowanie dziecka.<\/p>\n\n\n\n<p class=\"wp-block-paragraph\">\u2e3b<\/p>\n\n\n\n<p class=\"wp-block-paragraph\"><strong>Koszt diagnozy<\/strong><\/p>\n\n\n\n<p class=\"wp-block-paragraph\">Pakiet kompleksowej oceny funkcjonowania dziecka: <strong>1400 z\u0142<\/strong><\/p>\n\n\n\n<p class=\"wp-block-paragraph\">Obejmuje pe\u0142ny proces diagnostyczny wraz z analiz\u0105 i zaleceniami.<\/p>\n\n\n\n<p class=\"wp-block-paragraph\">Dodatkowe spotkania (je\u015bli potrzebne): 250 z\u0142.<\/p>\n\n\n\n<p class=\"wp-block-paragraph\">\u2e3b<\/p>\n\n\n\n<p class=\"wp-block-paragraph\"><strong>Gdzie odbywa si\u0119 diagnoza?<\/strong><\/p>\n\n\n\n<p class=\"wp-block-paragraph\">Diagnoza realizowana jest w:<\/p>\n\n\n\n<p class=\"wp-block-paragraph\"><strong>NEURO MIND &#8211; Miejsce Terapii<\/strong> w S\u0142ubicach<\/p>\n\n\n\n<p class=\"wp-block-paragraph\">Rejestracja: \ud83d\udcde 500 218 965<\/p>\n\n\n\n<p class=\"wp-block-paragraph\">\u2e3b<\/p>\n\n\n\n<p class=\"wp-block-paragraph\"><strong>O mnie<\/strong><\/p>\n\n\n\n<p class=\"wp-block-paragraph\">Nazywam si\u0119 Roksana Maria Weber.<\/p>\n\n\n\n<p class=\"wp-block-paragraph\">Jestem psychologiem pracuj\u0105cym z dzie\u0107mi, m\u0142odzie\u017c\u0105 i rodzinami oraz w trakcie szkolenia psychoterapeutycznego w nurcie poznawczo-behawioralnym (CBT).<\/p>\n\n\n\n<p class=\"wp-block-paragraph\">W pracy skupiam si\u0119 na rzetelnej ocenie funkcjonowania dziecka oraz zrozumieniu jego potrzeb emocjonalnych i rozwojowych.<\/p>\n\n\n\n<p class=\"wp-block-paragraph\">Moim celem nie jest jedynie diagnoza trudno\u015bci, ale przede wszystkim wskazanie kierunku wsparcia, kt\u00f3ry realnie pomo\u017ce dziecku i rodzinie.<\/p>\n\n\n\n<p class=\"has-text-align-right wp-block-paragraph\">Rodzice cz\u0119sto m\u00f3wi\u0105 po spotkaniach: <em>\u201eW ko\u0144cu kto\u015b naprawd\u0119 zrozumia\u0142 moje dziecko\u201d<\/em>.<\/p>\n\n\n\n<p class=\"wp-block-paragraph\">\u2705 <strong>FAQ DLA RODZIC\u00d3W<\/strong><\/p>\n\n\n\n<p class=\"wp-block-paragraph\"><strong>Czy jeden test wystarczy do diagnozy ADHD?<\/strong><\/p>\n\n\n\n<p class=\"wp-block-paragraph\">Nie. Test jest tylko cz\u0119\u015bci\u0105 procesu. Najwa\u017cniejsza jest analiza ca\u0142o\u015bci funkcjonowania dziecka.<\/p>\n\n\n\n<p class=\"wp-block-paragraph\">\u2e3b<\/p>\n\n\n\n<p class=\"wp-block-paragraph\"><strong>Dlaczego potrzebne s\u0105 informacje ze szko\u0142y?<\/strong><\/p>\n\n\n\n<p class=\"wp-block-paragraph\">Objawy ADHD musz\u0105 wyst\u0119powa\u0107 w wi\u0119cej ni\u017c jednym \u015brodowisku, dlatego informacje od nauczyciela s\u0105 bardzo wa\u017cne.<\/p>\n\n\n\n<p class=\"wp-block-paragraph\">\u2e3b<\/p>\n\n\n\n<p class=\"wp-block-paragraph\"><strong>Czy dziecko musi si\u0119 przygotowa\u0107?<\/strong><\/p>\n\n\n\n<p class=\"wp-block-paragraph\">Nie. Spotkanie ma charakter rozmowy i zada\u0144 dostosowanych do wieku.<\/p>\n\n\n\n<p class=\"wp-block-paragraph\">\u2e3b<\/p>\n\n\n\n<p class=\"wp-block-paragraph\"><strong>Czy wynik diagnozy jest ostateczny?<\/strong><\/p>\n\n\n\n<p class=\"wp-block-paragraph\">Funkcjonowanie dziecka zmienia si\u0119 wraz z rozwojem, dlatego czasem zaleca si\u0119 ponown\u0105 ocen\u0119.<\/p>\n\n\n\n<p class=\"wp-block-paragraph\">\u2e3b<\/p>\n\n\n\n<p class=\"wp-block-paragraph\"><strong>Czy po diagnozie zostaniemy z tym sami?<\/strong><\/p>\n\n\n\n<p class=\"wp-block-paragraph\">Nie. Rodzice otrzymuj\u0105 konkretne zalecenia oraz mo\u017cliwe kierunki wsparcia.<\/p>","protected":false},"excerpt":{"rendered":"<p>Diagnoza ADHD&#8230; Trudno\u015bci z koncentracj\u0105, impulsywno\u015b\u0107, nadmierna ruchliwo\u015b\u0107 czy problemy szkolne cz\u0119sto budz\u0105 u rodzic\u00f3w pytanie: Czy moje dziecko ma ADHD? Rzetelna odpowied\u017a nie powstaje podczas jednej wizyty ani na podstawie jednego testu. Diagnoza jest procesem, kt\u00f3ry pozwala zrozumie\u0107 funkcjonowanie dziecka i przyczyny trudno\u015bci. W NeuroMind prowadzona jest kompleksowa ocena funkcjonowania dziecka w kierunku ADHD, &hellip; <a href=\"https:\/\/makethingshappentoday.com\/de\/2026\/02\/23\/diagnoza-adhd-u-dziecka\/\" class=\"more-link\">Weiterlesen <span class=\"screen-reader-text\">Diagnoza ADHD u dziecka &#8211; kompleksowa ocena funkcjonowania dziecka | S\u0142ubice<\/span><\/a><\/p>","protected":false},"author":112134480,"featured_media":0,"comment_status":"open","ping_status":"open","sticky":false,"template":"","format":"standard","meta":{"_coblocks_attr":"","_coblocks_dimensions":"","_coblocks_responsive_height":"","_coblocks_accordion_ie_support":"","_crdt_document":"","_jetpack_newsletter_access":"","_jetpack_dont_email_post_to_subs":false,"_jetpack_newsletter_tier_id":0,"_jetpack_memberships_contains_paywalled_content":false,"_jetpack_memberships_contains_paid_content":false,"footnotes":"","jetpack_post_was_ever_published":false},"categories":[564888476],"tags":[],"class_list":["post-7153","post","type-post","status-publish","format-standard","hentry","category-pokoj-coachingowy-pl","without-featured-image"],"jetpack_featured_media_url":"","jetpack_likes_enabled":true,"jetpack_sharing_enabled":true,"jetpack_shortlink":"https:\/\/wp.me\/p82olW-1Rn","jetpack-related-posts":[{"id":2182,"url":"https:\/\/makethingshappentoday.com\/de\/2020\/01\/19\/aktywne-cwiczenia-w-formie-zabawy-dla-dzieci-z-psem-pod-tytulem-pies-to-moj-przyjaciel\/","url_meta":{"origin":7153,"position":0},"title":"Aktywne \u0107wiczenia w formie zabawy dla dzieci z psem pod tytu\u0142em \u201ePies to m\u00f3j przyjaciel\u201d","author":"Make Things Happen Today","date":"19\/01\/2020","format":false,"excerpt":"W sumie jest to jedno z moich \u0107wicze\u0144 na zaliczenie z psychologii rozwojowej, ale stwierdzi\u0142am, \u017ce podziel\u0119 si\u0119 nim z wami. Zabawy te polecam dla wszystkich w\u0142a\u015bcicieli ps\u00f3w, kt\u00f3rych rodzina powi\u0119kszy\u0142a si\u0119 o szcz\u0119\u015bcie na dw\u00f3ch nogach, czyli o dziecko :)\u00a0oraz dla tych, kt\u00f3rzy ju\u017c to szcz\u0119\u015bcie posiadaj\u0105 i zastanawiaj\u0105\u2026","rel":"","context":"In &quot;Pok\u00f3j coachingowy - PL&quot;","block_context":{"text":"Pok\u00f3j coachingowy - PL","link":"https:\/\/makethingshappentoday.com\/de\/category\/pokoj-coachingowy-pl\/"},"img":{"alt_text":"","src":"https:\/\/i0.wp.com\/makethingshappentoday.com\/wp-content\/uploads\/2020\/01\/pies-zabawa.jpeg?resize=350%2C200&ssl=1","width":350,"height":200},"classes":[]},{"id":7022,"url":"https:\/\/makethingshappentoday.com\/de\/2026\/01\/21\/pierwsza-wizyta-u-psychologa\/","url_meta":{"origin":7153,"position":1},"title":"Pierwsza wizyta u psychologa z dzieckiem: jak wygl\u0105da i jak przygotowa\u0107 dziecko?","author":"Make Things Happen Today","date":"21\/01\/2026","format":false,"excerpt":"Pierwsza wizyta u psychologa z dzieckiem potrafi stresowa\u0107 ca\u0142\u0105 rodzin\u0119. Dlatego w wielu gabinetach najlepszym startem jest spotkanie\u2026 najpierw z rodzicami. Najlepiej, je\u015bli na pierwsze spotkanie przyjd\u0105 oboje rodzice, bez dziecka. To nie \u201etajemnice przeciwko dziecku\u201d, tylko spos\u00f3b, \u017ceby spokojnie zebra\u0107 fakty, usp\u00f3jni\u0107 wersje i ustali\u0107 plan wsparcia. Dlaczego warto\u2026","rel":"","context":"In &quot;Pok\u00f3j coachingowy - PL&quot;","block_context":{"text":"Pok\u00f3j coachingowy - PL","link":"https:\/\/makethingshappentoday.com\/de\/category\/pokoj-coachingowy-pl\/"},"img":{"alt_text":"Pierwsza wizyta u psychologa z dzieckiem","src":"https:\/\/i0.wp.com\/makethingshappentoday.com\/wp-content\/uploads\/2026\/01\/59ea97f8-1842-42fb-b6ef-11c4e7b19afe.png?resize=350%2C200&ssl=1","width":350,"height":200,"srcset":"https:\/\/i0.wp.com\/makethingshappentoday.com\/wp-content\/uploads\/2026\/01\/59ea97f8-1842-42fb-b6ef-11c4e7b19afe.png?resize=350%2C200&ssl=1 1x, https:\/\/i0.wp.com\/makethingshappentoday.com\/wp-content\/uploads\/2026\/01\/59ea97f8-1842-42fb-b6ef-11c4e7b19afe.png?resize=525%2C300&ssl=1 1.5x, https:\/\/i0.wp.com\/makethingshappentoday.com\/wp-content\/uploads\/2026\/01\/59ea97f8-1842-42fb-b6ef-11c4e7b19afe.png?resize=700%2C400&ssl=1 2x"},"classes":[]},{"id":5438,"url":"https:\/\/makethingshappentoday.com\/de\/2025\/04\/24\/jak-wspierac-dziecko-odrzuce\/","url_meta":{"origin":7153,"position":2},"title":"Wie k\u00f6nnen wir ein Kind begleiten, das sich abgelehnt f\u00fchlt? Psychologische Unterst\u00fctzung f\u00fcr Eltern","author":"Make Things Happen Today","date":"24\/04\/2025","format":false,"excerpt":"Jak wspiera\u0107 dziecko, kt\u00f3re czuje si\u0119 odrzucone? Zobacz, jak wspiera\u0107 3-latka, kt\u00f3ry poczu\u0142 si\u0119 pomini\u0119ty przez r\u00f3wie\u015bnika? Jak wspiera\u0107 dziecko, kt\u00f3re czuje si\u0119 odrzucone i jak budowa\u0107 jego poczucie warto\u015bci krok po kroku. Psychologiczne wskaz\u00f3wki, konkretne przyk\u0142ady i terapeutyczna bajka na zako\u0144czenie. \u2e3b Historia z treningu: gdy serce trzylatka p\u0119ka\u2026","rel":"","context":"In &quot;Pok\u00f3j coachingowy - PL&quot;","block_context":{"text":"Pok\u00f3j coachingowy - PL","link":"https:\/\/makethingshappentoday.com\/de\/category\/pokoj-coachingowy-pl\/"},"img":{"alt_text":"Wsparcie dziecka kt\u00f3re czuje si\u0119 odrzucone \u2013 mama lwica i lwi\u0105tko","src":"https:\/\/i0.wp.com\/makethingshappentoday.com\/wp-content\/uploads\/2025\/04\/2d36e99e-97e7-43a8-ac76-1f1d40f6cd7d-1.png?resize=350%2C200&ssl=1","width":350,"height":200,"srcset":"https:\/\/i0.wp.com\/makethingshappentoday.com\/wp-content\/uploads\/2025\/04\/2d36e99e-97e7-43a8-ac76-1f1d40f6cd7d-1.png?resize=350%2C200&ssl=1 1x, https:\/\/i0.wp.com\/makethingshappentoday.com\/wp-content\/uploads\/2025\/04\/2d36e99e-97e7-43a8-ac76-1f1d40f6cd7d-1.png?resize=525%2C300&ssl=1 1.5x, https:\/\/i0.wp.com\/makethingshappentoday.com\/wp-content\/uploads\/2025\/04\/2d36e99e-97e7-43a8-ac76-1f1d40f6cd7d-1.png?resize=700%2C400&ssl=1 2x"},"classes":[]},{"id":5037,"url":"https:\/\/makethingshappentoday.com\/de\/2025\/03\/10\/cierpliwosc-rodzicielska-lekcja-ktorej-wielu-z-nas-nie-dostalo\/","url_meta":{"origin":7153,"position":3},"title":"Cierpliwo\u015b\u0107 rodzicielska \u2013 lekcja, kt\u00f3rej wielu z nas nie dosta\u0142o","author":"Make Things Happen Today","date":"10\/03\/2025","format":false,"excerpt":"Czy zastanawia\u0142a\u015b si\u0119 kiedy\u015b, dlaczego tak trudno nam by\u0107 cierpliwymi wobec w\u0142asnych dzieci? Dlaczego czasem chcemy, \u017ceby \u201eju\u017c co\u015b umia\u0142y\u201d, \u201erobi\u0142y szybciej\u201d, \u201enie pope\u0142nia\u0142y b\u0142\u0119d\u00f3w\u201d? Mo\u017ce to dlatego, \u017ce sami w dzieci\u0144stwie nie dostali\u015bmy przestrzeni na nauk\u0119 we w\u0142asnym tempie. B\u0119d\u0105c dzieckiem, musieli\u015bmy by\u0107 doro\u015bli Wielu z nas dorasta\u0142o w\u2026","rel":"","context":"In &quot;Pok\u00f3j coachingowy - PL&quot;","block_context":{"text":"Pok\u00f3j coachingowy - PL","link":"https:\/\/makethingshappentoday.com\/de\/category\/pokoj-coachingowy-pl\/"},"img":{"alt_text":"","src":"","width":0,"height":0},"classes":[]},{"id":4472,"url":"https:\/\/makethingshappentoday.com\/de\/2025\/01\/19\/rozwijanie-pasji-u-dzieci-jak-rodzic-moze-stac-sie-przewodnikiem-i-inspiracja\/","url_meta":{"origin":7153,"position":4},"title":"Rozwijanie Pasji u Dzieci: Jak Rodzic Mo\u017ce Sta\u0107 si\u0119 Przewodnikiem i Inspiracj\u0105? :)","author":"Make Things Happen Today","date":"19\/01\/2025","format":false,"excerpt":"Niedawno, po zako\u0144czonym treningu pi\u0142ki no\u017cnej mojego ma\u0142ego Bambino, us\u0142ysza\u0142am, jak jeden z rodzic\u00f3w m\u00f3wi\u0142 do swojego dziecka: \u201eMusisz mie\u0107 pasj\u0119, w \u017cyciu trzeba mie\u0107 jakie\u015b pasje\u201d. Te s\u0142owa zatrzyma\u0142y mnie na chwil\u0119 i zacz\u0119\u0142y we mnie rezonowa\u0107. Jak to w\u0142a\u015bciwie jest z pasj\u0105 u dzieci? Jak j\u0105 rozpozna\u0107, wspiera\u0107\u2026","rel":"","context":"In &quot;Pok\u00f3j coachingowy - PL&quot;","block_context":{"text":"Pok\u00f3j coachingowy - PL","link":"https:\/\/makethingshappentoday.com\/de\/category\/pokoj-coachingowy-pl\/"},"img":{"alt_text":"","src":"https:\/\/i0.wp.com\/makethingshappentoday.com\/wp-content\/uploads\/2025\/01\/img_5943-1.jpg?resize=350%2C200&ssl=1","width":350,"height":200,"srcset":"https:\/\/i0.wp.com\/makethingshappentoday.com\/wp-content\/uploads\/2025\/01\/img_5943-1.jpg?resize=350%2C200&ssl=1 1x, https:\/\/i0.wp.com\/makethingshappentoday.com\/wp-content\/uploads\/2025\/01\/img_5943-1.jpg?resize=525%2C300&ssl=1 1.5x, https:\/\/i0.wp.com\/makethingshappentoday.com\/wp-content\/uploads\/2025\/01\/img_5943-1.jpg?resize=700%2C400&ssl=1 2x, https:\/\/i0.wp.com\/makethingshappentoday.com\/wp-content\/uploads\/2025\/01\/img_5943-1.jpg?resize=1050%2C600&ssl=1 3x, https:\/\/i0.wp.com\/makethingshappentoday.com\/wp-content\/uploads\/2025\/01\/img_5943-1.jpg?resize=1400%2C800&ssl=1 4x"},"classes":[]},{"id":6695,"url":"https:\/\/makethingshappentoday.com\/de\/2025\/11\/18\/dom-dobry-przemoc-wartosci\/","url_meta":{"origin":7153,"position":5},"title":"Dom dobry, przemoc i konflikt warto\u015bci: kiedy odej\u015b\u0107?","author":"Make Things Happen Today","date":"18\/11\/2025","format":false,"excerpt":"Dom, kt\u00f3ry mia\u0142 by\u0107 dobry, i m\u00f3zg, kt\u00f3ry pr\u00f3buje przetrwa\u0107 W filmie Smarzowskiego DOM DOBRY jest co\u015b, co wchodzi pod sk\u00f3r\u0119 nie tylko dlatego, \u017ce ogl\u0105damy przemoc. Ten film ods\u0142ania co\u015b znacznie mniej uchwytnego, ale bardziej bolesnego. Ods\u0142ania iluzj\u0119 domu. T\u0119, kt\u00f3r\u0105 budujemy przez lata w g\u0142owie, a kt\u00f3ra zaczyna\u2026","rel":"","context":"In &quot;Pok\u00f3j coachingowy - PL&quot;","block_context":{"text":"Pok\u00f3j coachingowy - PL","link":"https:\/\/makethingshappentoday.com\/de\/category\/pokoj-coachingowy-pl\/"},"img":{"alt_text":"dom dobry, przemoc i konflikt warto\u015bci","src":"https:\/\/i0.wp.com\/makethingshappentoday.com\/wp-content\/uploads\/2025\/11\/obraz-z-napisem-dom-dobry-9.png?resize=350%2C200&ssl=1","width":350,"height":200,"srcset":"https:\/\/i0.wp.com\/makethingshappentoday.com\/wp-content\/uploads\/2025\/11\/obraz-z-napisem-dom-dobry-9.png?resize=350%2C200&ssl=1 1x, https:\/\/i0.wp.com\/makethingshappentoday.com\/wp-content\/uploads\/2025\/11\/obraz-z-napisem-dom-dobry-9.png?resize=525%2C300&ssl=1 1.5x, https:\/\/i0.wp.com\/makethingshappentoday.com\/wp-content\/uploads\/2025\/11\/obraz-z-napisem-dom-dobry-9.png?resize=700%2C400&ssl=1 2x"},"classes":[]}],"_links":{"self":[{"href":"https:\/\/makethingshappentoday.com\/de\/wp-json\/wp\/v2\/posts\/7153","targetHints":{"allow":["GET"]}}],"collection":[{"href":"https:\/\/makethingshappentoday.com\/de\/wp-json\/wp\/v2\/posts"}],"about":[{"href":"https:\/\/makethingshappentoday.com\/de\/wp-json\/wp\/v2\/types\/post"}],"author":[{"embeddable":true,"href":"https:\/\/makethingshappentoday.com\/de\/wp-json\/wp\/v2\/users\/112134480"}],"replies":[{"embeddable":true,"href":"https:\/\/makethingshappentoday.com\/de\/wp-json\/wp\/v2\/comments?post=7153"}],"version-history":[{"count":13,"href":"https:\/\/makethingshappentoday.com\/de\/wp-json\/wp\/v2\/posts\/7153\/revisions"}],"predecessor-version":[{"id":7171,"href":"https:\/\/makethingshappentoday.com\/de\/wp-json\/wp\/v2\/posts\/7153\/revisions\/7171"}],"wp:attachment":[{"href":"https:\/\/makethingshappentoday.com\/de\/wp-json\/wp\/v2\/media?parent=7153"}],"wp:term":[{"taxonomy":"category","embeddable":true,"href":"https:\/\/makethingshappentoday.com\/de\/wp-json\/wp\/v2\/categories?post=7153"},{"taxonomy":"post_tag","embeddable":true,"href":"https:\/\/makethingshappentoday.com\/de\/wp-json\/wp\/v2\/tags?post=7153"}],"curies":[{"name":"wp","href":"https:\/\/api.w.org\/{rel}","templated":true}]}}