{"id":4370,"date":"2025-01-05T00:08:28","date_gmt":"2025-01-05T00:08:28","guid":{"rendered":"https:\/\/makethingshappentoday.com\/?p=4370"},"modified":"2025-01-05T00:08:28","modified_gmt":"2025-01-05T00:08:28","slug":"zrozumienie-swiata-snow-u-osob-z-demencja","status":"publish","type":"post","link":"https:\/\/makethingshappentoday.com\/de\/2025\/01\/05\/zrozumienie-swiata-snow-u-osob-z-demencja\/","title":{"rendered":"Zrozumienie \u015bwiata sn\u00f3w u os\u00f3b z demencj\u0105"},"content":{"rendered":"<p class=\"wp-block-paragraph\">Sny odgrywaj\u0105 istotn\u0105 rol\u0119 w naszym \u017cyciu psychicznym, cz\u0119sto pozwalaj\u0105c nam przetwarza\u0107 emocje, wspomnienia i codzienne do\u015bwiadczenia. U os\u00f3b z demencj\u0105, zmiany w funkcjonowaniu m\u00f3zgu wp\u0142ywaj\u0105 na wszystkie aspekty \u017cycia, w tym na sen i zwi\u0105zane z nim marzenia senne. Potocznie m\u00f3wi\u0105c m\u00f3zgi tych os\u00f3b szalej\u0105 zar\u00f3wno w ciagu dnia, jak i w nocy.<\/p>\n\n\n\n<p class=\"wp-block-paragraph\">Osoby z demencj\u0105 cz\u0119sto do\u015bwiadczaj\u0105 zaburze\u0144 snu, takich jak:<\/p>\n\n\n\n<p class=\"wp-block-paragraph\">\u2022 trudno\u015bci z zasypianiem i\/lub utrzymaniem ci\u0105g\u0142o\u015bci snu<\/p>\n\n\n\n<p class=\"wp-block-paragraph\">\u2022 zak\u0142\u00f3cenia\/ przerwy rytmu dobowego<\/p>\n\n\n\n<p class=\"wp-block-paragraph\">\u2022 wzmo\u017cona senno\u015b\u0107 w ci\u0105gu dnia<\/p>\n\n\n\n<p class=\"wp-block-paragraph\">Badania naukowe wskazuj\u0105, \u017ce zaburzenia snu s\u0105 cz\u0119stym problemem w\u015br\u00f3d os\u00f3b z demencj\u0105. Szacuje si\u0119, \u017ce od 25% do nawet 35% chorych do\u015bwiadcza trudno\u015bci ze snem, co wynika g\u0142\u00f3wnie z uszkodze\u0144 w m\u00f3zgu odpowiedzialnych za regulacj\u0119 cyklu snu i czuwania, takich jak podwzg\u00f3rze oraz uk\u0142ad siatkowaty. Warto r\u00f3wnie\u017c podkre\u015bli\u0107, \u017ce nieprawid\u0142owy sen wp\u0142ywa tak\u017ce na charakter sn\u00f3w, kt\u00f3re mog\u0105 by\u0107 bardziej intensywne, dezorientuj\u0105ce lub niepokoj\u0105ce. <\/p>\n\n\n\n<p class=\"wp-block-paragraph\"><strong>Jakie s\u0105 sny os\u00f3b z demencj\u0105?<\/strong><\/p>\n\n\n\n<p class=\"wp-block-paragraph\">Przede wszystkim istotne jest aby mie\u0107 \u015bwiadomo\u015b\u0107, \u017ce sny u os\u00f3b z demencj\u0105 cz\u0119sto r\u00f3\u017cni\u0105 si\u0119 od tych, kt\u00f3re pami\u0119taj\u0105 osoby zdrowe. Nie dotycz\u0105 ju\u017c tera\u017aniejszo\u015bci, lecz przesz\u0142o\u015bci. Nierzadko s\u0105 one:<\/p>\n\n\n\n<p class=\"wp-block-paragraph\">1. Chaotyczne i trudne do zrozumienia \u2013 Choroba zaburza procesy pami\u0119ci i integracji informacji, co mo\u017ce prowadzi\u0107 do pojawienia si\u0119 niesp\u00f3jnych lub absurdalnych scenariuszy w snach.<\/p>\n\n\n\n<p class=\"wp-block-paragraph\">2. Wype\u0142nione wspomnieniami z przesz\u0142o\u015bci \u2013 Demencja cz\u0119sto powoduje utrat\u0119 pami\u0119ci kr\u00f3tkotrwa\u0142ej, ale zachowuje wspomnienia z odleg\u0142ej przesz\u0142o\u015bci. To mo\u017ce sprawia\u0107, \u017ce sny dotycz\u0105 zazwyczaj lat m\u0142odo\u015bci lub dawnych wydarze\u0144.<\/p>\n\n\n\n<p class=\"wp-block-paragraph\">3. Niepokoj\u0105ce lub l\u0119kowe \u2013 Osoby z demencj\u0105 mog\u0105 do\u015bwiadcza\u0107 koszmar\u00f3w lub sn\u00f3w zwi\u0105zanych z ich zagubieniem, bezradno\u015bci\u0105 czy dezorientacj\u0105, co odzwierciedla ich rzeczywiste odczucia w ci\u0105gu dnia.<\/p>\n\n\n\n<p class=\"wp-block-paragraph\">Ciekaw\u0105 i niezwykle pozytywn\u0105 informacj\u0105 p\u0142yn\u0105c\u0105 od samych choruj\u0105cych na demencj\u0119 jest wiadomo\u015b\u0107, \u017ce w ich snach oni rzadko kiedy choruj\u0105 na demencj\u0119.<\/p>\n\n\n\n<p class=\"wp-block-paragraph\"><strong>Rola sn\u00f3w w emocjonalnym \u015bwiecie chorego<\/strong><\/p>\n\n\n\n<p class=\"wp-block-paragraph\">Sny mog\u0105 stanowi\u0107 okno do emocjonalnego stanu osoby z demencj\u0105. Koszmary mog\u0105 wskazywa\u0107 na poczucie zagro\u017cenia, frustracj\u0119 lub l\u0119k. Natomiast sny bardziej spokojne i uporz\u0105dkowane mog\u0105 \u015bwiadczy\u0107 o chwilach komfortu i poczucia bezpiecze\u0144stwa. Jako psycholog jestem r\u00f3wnie\u017c przekonana, \u017ce to nie\u015bwiadomo\u015b\u0107 w naturalny spos\u00f3b &#8211; w\u0142a\u015bnie poprzez sen prowadzi choruj\u0105cych na demencj\u0119. Os\u0142ania ich, daj\u0105c bezpieczne miejsce schronienia, czy te\u017c \u017cyciowy cel, kt\u00f3rego by\u0107 mo\u017ce w chorobie im tak bardzo brakuje.  <\/p>\n\n\n\n<p class=\"wp-block-paragraph\">Zdarza si\u0119, \u017ce sny wp\u0142ywaj\u0105 na zachowanie chorego po przebudzeniu. Na przyk\u0142ad, osoba mo\u017ce by\u0107 zdezorientowana, poniewa\u017c ma trudno\u015bci w oddzieleniu i rozgraniczeniu dnia i nocy, snu i jawy &#8211; snu i rzeczywisto\u015bci, co mo\u017ce prowadzi\u0107 w gruncie rzeczy do nieporozumie\u0144 lub l\u0119ku.<\/p>\n\n\n\n<p class=\"wp-block-paragraph\"><strong>Jak opiekunowie mog\u0105 zatem wspiera\u0107 chorego?<\/strong><\/p>\n\n\n\n<p class=\"wp-block-paragraph\">Przede wszystkim poprzez:<\/p>\n\n\n\n<p class=\"wp-block-paragraph\">1. Zapewnienie spokojnego \u015brodowiska snu:<\/p>\n\n\n\n<p class=\"wp-block-paragraph\">\u2022 stworzenie regularnej rutyny snu<\/p>\n\n\n\n<p class=\"wp-block-paragraph\">\u2022 unikanie bod\u017ac\u00f3w pobudzaj\u0105cych wieczorem, takich jak jasne \u015bwiat\u0142o czy g\u0142o\u015bne d\u017awi\u0119ki<\/p>\n\n\n\n<p class=\"wp-block-paragraph\">\u2022 wygodne, przyjazne otoczenie, kt\u00f3re daje poczucie bezpiecze\u0144stwa<\/p>\n\n\n\n<p class=\"wp-block-paragraph\">2. Rozmowy o snach:<\/p>\n\n\n\n<p class=\"wp-block-paragraph\">\u2022 je\u015bli chory chce opowiedzie\u0107 o swoich snach, warto wys\u0142ucha\u0107 go z uwag\u0105 i bez oceniania<\/p>\n\n\n\n<p class=\"wp-block-paragraph\">\u2022 pomoc w rozr\u00f3\u017cnieniu snu od rzeczywisto\u015bci poprzez spokojne wyja\u015bnienia<\/p>\n\n\n\n<p class=\"wp-block-paragraph\">3. Wsparcie emocjonalne<\/p>\n\n\n\n<p class=\"wp-block-paragraph\">\u2022 je\u015bli sny wywo\u0142uj\u0105 l\u0119k lub niepok\u00f3j, pomocne mo\u017ce by\u0107 zaoferowanie pocieszenia lub blisko\u015bci<\/p>\n\n\n\n<p class=\"wp-block-paragraph\">4. Konsultacja z lekarzem<\/p>\n\n\n\n<p class=\"wp-block-paragraph\">\u2022 w przypadku nawracaj\u0105cych koszmar\u00f3w lub problem\u00f3w ze snem warto skonsultowa\u0107 si\u0119 z lekarzem. Niekt\u00f3re leki lub terapie mog\u0105 pom\u00f3c z\u0142agodzi\u0107 te objawy.<\/p>\n\n\n<div class=\"wp-block-image\">\n<figure class=\"aligncenter size-large\"><img data-recalc-dims=\"1\" loading=\"lazy\" decoding=\"async\" width=\"620\" height=\"413\" data-attachment-id=\"4380\" data-permalink=\"https:\/\/makethingshappentoday.com\/de\/2025\/01\/05\/zrozumienie-swiata-snow-u-osob-z-demencja\/pexels-samlin-4566528-3\/#main\" data-orig-file=\"https:\/\/i0.wp.com\/makethingshappentoday.com\/wp-content\/uploads\/2025\/01\/pexels-samlin-4566528-2.jpg?fit=5760%2C3840&amp;ssl=1\" data-orig-size=\"5760,3840\" data-comments-opened=\"1\" data-image-meta=\"{&quot;aperture&quot;:&quot;0&quot;,&quot;credit&quot;:&quot;&quot;,&quot;camera&quot;:&quot;&quot;,&quot;caption&quot;:&quot;&quot;,&quot;created_timestamp&quot;:&quot;0&quot;,&quot;copyright&quot;:&quot;&quot;,&quot;focal_length&quot;:&quot;0&quot;,&quot;iso&quot;:&quot;0&quot;,&quot;shutter_speed&quot;:&quot;0&quot;,&quot;title&quot;:&quot;&quot;,&quot;orientation&quot;:&quot;0&quot;}\" data-image-title=\"pexels-samlin-4566528\" data-image-description=\"\" data-image-caption=\"\" data-large-file=\"https:\/\/i0.wp.com\/makethingshappentoday.com\/wp-content\/uploads\/2025\/01\/pexels-samlin-4566528-2.jpg?fit=620%2C413&amp;ssl=1\" src=\"https:\/\/i0.wp.com\/makethingshappentoday.com\/wp-content\/uploads\/2025\/01\/pexels-samlin-4566528-2.jpg?resize=620%2C413&#038;ssl=1\" alt=\"\" class=\"wp-image-4380\" \/><figcaption class=\"wp-element-caption\">Autor zdj\u0119cia: JIUN-JE LIN<\/figcaption><\/figure>\n<\/div>\n\n\n<p class=\"wp-block-paragraph\">Kochani, ko\u0144cz\u0105c ju\u017c pragn\u0119 podkre\u015bli\u0107, \u017ce sny u os\u00f3b z demencj\u0105 s\u0105 nie tylko odzwierciedleniem ich stanu neurologicznego, ale tak\u017ce emocjonalnego. Zrozumienie charakteru tych sn\u00f3w mo\u017ce pom\u00f3c opiekunom lepiej wspiera\u0107 swoich podopiecznych, zar\u00f3wno w codziennym \u017cyciu, jak i w zarz\u0105dzaniu ich emocjami. Kluczem jest cierpliwo\u015b\u0107, empatia i otwarto\u015b\u0107 na potrzeby chorego \u2013 zar\u00f3wno te jawne, jak i wyra\u017cane w\u0142a\u015bnie poprzez ich sny.<\/p>\n\n\n\n<p class=\"wp-block-paragraph\">P.S. Je\u015bli masz do\u015bwiadczenie z osobami choruj\u0105cym na demencj\u0119 i zauwa\u017cy\u0142e\u015b, jak ich sny wp\u0142ywaj\u0105 na ich samopoczucie, podziel si\u0119 swoimi przemy\u015bleniami w komentarzach. Wsp\u00f3lnie mo\u017cemy budowa\u0107 wi\u0119ksze zrozumienie tego niezwyk\u0142ego aspektu ich \u017cycia.<\/p>","protected":false},"excerpt":{"rendered":"<p>Sny odgrywaj\u0105 istotn\u0105 rol\u0119 w naszym \u017cyciu psychicznym, cz\u0119sto pozwalaj\u0105c nam przetwarza\u0107 emocje, wspomnienia i codzienne do\u015bwiadczenia. U os\u00f3b z demencj\u0105, zmiany w funkcjonowaniu m\u00f3zgu wp\u0142ywaj\u0105 na wszystkie aspekty \u017cycia, w tym na sen i zwi\u0105zane z nim marzenia senne. Potocznie m\u00f3wi\u0105c m\u00f3zgi tych os\u00f3b szalej\u0105 zar\u00f3wno w ciagu dnia, jak i w nocy. Osoby &hellip; <a href=\"https:\/\/makethingshappentoday.com\/de\/2025\/01\/05\/zrozumienie-swiata-snow-u-osob-z-demencja\/\" class=\"more-link\">Weiterlesen <span class=\"screen-reader-text\">Zrozumienie \u015bwiata sn\u00f3w u os\u00f3b z demencj\u0105<\/span><\/a><\/p>","protected":false},"author":112134480,"featured_media":0,"comment_status":"open","ping_status":"open","sticky":false,"template":"","format":"standard","meta":{"_coblocks_attr":"","_coblocks_dimensions":"","_coblocks_responsive_height":"","_coblocks_accordion_ie_support":"","_crdt_document":"","_jetpack_newsletter_access":"","_jetpack_dont_email_post_to_subs":true,"_jetpack_newsletter_tier_id":0,"_jetpack_memberships_contains_paywalled_content":false,"_jetpack_memberships_contains_paid_content":false,"footnotes":"","jetpack_post_was_ever_published":false},"categories":[564888476],"tags":[38960,113,310992512,103,777213335,38853],"class_list":["post-4370","post","type-post","status-publish","format-standard","hentry","category-pokoj-coachingowy-pl","tag-alzheimer","tag-content","tag-demecja","tag-news","tag-sen-a-demencja","tag-sny","without-featured-image"],"jetpack_featured_media_url":"","jetpack_likes_enabled":true,"jetpack_sharing_enabled":true,"jetpack_shortlink":"https:\/\/wp.me\/p82olW-18u","jetpack-related-posts":[{"id":5097,"url":"https:\/\/makethingshappentoday.com\/de\/2025\/03\/19\/czy-mozna-przewidziec-demencje-badania-testy-i-profilaktyka\/","url_meta":{"origin":4370,"position":0},"title":"Kann Demenz vorhergesagt werden? Forschung, Tests und Pr\u00e4vention","author":"Make Things Happen Today","date":"19\/03\/2025","format":false,"excerpt":"Demencja to jedno z najwi\u0119kszych wyzwa\u0144 zdrowotnych XXI wieku. Wraz ze starzeniem si\u0119 spo\u0142ecze\u0144stwa wzrasta liczba os\u00f3b dotkni\u0119tych chorobami ot\u0119piennymi, takimi jak choroba Alzheimera czy ot\u0119pienie naczyniopochodne. Wiele os\u00f3b zastanawia si\u0119, czy istniej\u0105 badania pozwalaj\u0105ce przewidzie\u0107 ryzyko demencji oraz jakie dzia\u0142ania mog\u0105 pom\u00f3c w zapobieganiu jej rozwojowi. W tym artykule\u2026","rel":"","context":"In &quot;Pok\u00f3j coachingowy - PL&quot;","block_context":{"text":"Pok\u00f3j coachingowy - PL","link":"https:\/\/makethingshappentoday.com\/de\/category\/pokoj-coachingowy-pl\/"},"img":{"alt_text":"","src":"","width":0,"height":0},"classes":[]},{"id":5929,"url":"https:\/\/makethingshappentoday.com\/de\/2025\/07\/02\/czy-terapia-dziala\/","url_meta":{"origin":4370,"position":1},"title":"Czy terapia dzia\u0142a? Co si\u0119 naprawd\u0119 wydarza w gabinecie psychologa","author":"Make Things Happen Today","date":"02\/07\/2025","format":false,"excerpt":"Pytanie, kt\u00f3re zadaje sobie wiele os\u00f3b - Czy terapia dzia\u0142a? Czy co\u015b si\u0119 naprawd\u0119 zmienia, kiedy zaczynamy spotkania z psychologiem? A mo\u017ce to tylko rozmowy, kt\u00f3re niczego nie rozwi\u0105zuj\u0105? To pytania, kt\u00f3re s\u0142ysz\u0119 bardzo cz\u0119sto, i to nie tylko od os\u00f3b, kt\u00f3re dopiero rozwa\u017caj\u0105 pierwsz\u0105 wizyt\u0119, ale tak\u017ce od tych,\u2026","rel":"","context":"In &quot;Pok\u00f3j coachingowy - PL&quot;","block_context":{"text":"Pok\u00f3j coachingowy - PL","link":"https:\/\/makethingshappentoday.com\/de\/category\/pokoj-coachingowy-pl\/"},"img":{"alt_text":"czy terapia dzia\u0142a","src":"https:\/\/i0.wp.com\/makethingshappentoday.com\/wp-content\/uploads\/2025\/06\/praxis-fur-psychologie-coaching-roksana-maria-weber.zip-1-1.png?resize=350%2C200&ssl=1","width":350,"height":200,"srcset":"https:\/\/i0.wp.com\/makethingshappentoday.com\/wp-content\/uploads\/2025\/06\/praxis-fur-psychologie-coaching-roksana-maria-weber.zip-1-1.png?resize=350%2C200&ssl=1 1x, https:\/\/i0.wp.com\/makethingshappentoday.com\/wp-content\/uploads\/2025\/06\/praxis-fur-psychologie-coaching-roksana-maria-weber.zip-1-1.png?resize=525%2C300&ssl=1 1.5x, https:\/\/i0.wp.com\/makethingshappentoday.com\/wp-content\/uploads\/2025\/06\/praxis-fur-psychologie-coaching-roksana-maria-weber.zip-1-1.png?resize=700%2C400&ssl=1 2x, https:\/\/i0.wp.com\/makethingshappentoday.com\/wp-content\/uploads\/2025\/06\/praxis-fur-psychologie-coaching-roksana-maria-weber.zip-1-1.png?resize=1050%2C600&ssl=1 3x, https:\/\/i0.wp.com\/makethingshappentoday.com\/wp-content\/uploads\/2025\/06\/praxis-fur-psychologie-coaching-roksana-maria-weber.zip-1-1.png?resize=1400%2C800&ssl=1 4x"},"classes":[]},{"id":5266,"url":"https:\/\/makethingshappentoday.com\/de\/2025\/03\/25\/nikt-mnie-nigdy-nie-pokocha-o-przekonaniach-ktore-zamykaja-nas-na-milosc-jak-psychoterapia-pomaga-otworzyc-sie-na-bliskosc\/","url_meta":{"origin":4370,"position":2},"title":"\u201eNiemand wird mich jemals lieben \u2026\u201c \u2013 \u00fcber \u00dcberzeugungen, die uns der Liebe verschlie\u00dfen. Wie hilft Ihnen eine Psychotherapie, sich der N\u00e4he zu \u00f6ffnen?","author":"Make Things Happen Today","date":"25\/03\/2025","format":false,"excerpt":"Na poz\u00f3r to tylko zabawny filmik z TikToka \u2013 dwie starsze osoby w strojach \u015blubnych, zakochane, promienne twarze, a pod spodem podpis: \u201eJest rok 2079. Przesz\u0142am ca\u0142\u0105 psychoterapi\u0119 i w ko\u0144cu otworzy\u0142am si\u0119 na mi\u0142o\u015b\u0107\u201d. U\u015bmiechamy si\u0119, bo to urocze, ironiczne i pe\u0142ne nadziei. Ale pod t\u0105 kr\u00f3tk\u0105 form\u0105 kryje\u2026","rel":"","context":"In &quot;Pok\u00f3j coachingowy - PL&quot;","block_context":{"text":"Pok\u00f3j coachingowy - PL","link":"https:\/\/makethingshappentoday.com\/de\/category\/pokoj-coachingowy-pl\/"},"img":{"alt_text":"","src":"","width":0,"height":0},"classes":[]},{"id":4715,"url":"https:\/\/makethingshappentoday.com\/de\/2025\/02\/23\/afirmacje-ktore-dzialaja-nauka-praktyka-i-moja-transformacja\/","url_meta":{"origin":4370,"position":3},"title":"Afirmacje, kt\u00f3re dzia\u0142aj\u0105: Nauka, praktyka i moja transformacja","author":"Make Things Happen Today","date":"23\/02\/2025","format":false,"excerpt":"Cz\u0119sto spotykam si\u0119 z opini\u0105, \u017ce afirmacje to jedynie puste s\u0142owa, kt\u00f3re nie maj\u0105 realnego wp\u0142ywu na nasze \u017cycie. Wielu ludzi nie wierzy w ich skuteczno\u015b\u0107, traktuj\u0105c je jako zbi\u00f3r motywacyjnych frazes\u00f3w bez naukowego uzasadnienia. Tymczasem badania psychologiczne dowodz\u0105, \u017ce odpowiednio stosowane afirmacje mog\u0105 rzeczywi\u015bcie przynosi\u0107 realne korzy\u015bci \u2013 zar\u00f3wno\u2026","rel":"","context":"In &quot;Pok\u00f3j coachingowy - PL&quot;","block_context":{"text":"Pok\u00f3j coachingowy - PL","link":"https:\/\/makethingshappentoday.com\/de\/category\/pokoj-coachingowy-pl\/"},"img":{"alt_text":"","src":"https:\/\/i0.wp.com\/makethingshappentoday.com\/wp-content\/uploads\/2025\/02\/unnamed.png?resize=350%2C200&ssl=1","width":350,"height":200,"srcset":"https:\/\/i0.wp.com\/makethingshappentoday.com\/wp-content\/uploads\/2025\/02\/unnamed.png?resize=350%2C200&ssl=1 1x, https:\/\/i0.wp.com\/makethingshappentoday.com\/wp-content\/uploads\/2025\/02\/unnamed.png?resize=525%2C300&ssl=1 1.5x, https:\/\/i0.wp.com\/makethingshappentoday.com\/wp-content\/uploads\/2025\/02\/unnamed.png?resize=700%2C400&ssl=1 2x, https:\/\/i0.wp.com\/makethingshappentoday.com\/wp-content\/uploads\/2025\/02\/unnamed.png?resize=1050%2C600&ssl=1 3x, https:\/\/i0.wp.com\/makethingshappentoday.com\/wp-content\/uploads\/2025\/02\/unnamed.png?resize=1400%2C800&ssl=1 4x"},"classes":[]},{"id":4618,"url":"https:\/\/makethingshappentoday.com\/de\/2025\/02\/07\/afirmacje-od-czego-zaczac-jak-swiadome-slowa-moga-zmienic-twoje-zycie\/","url_meta":{"origin":4370,"position":4},"title":"Afirmacje \u2013 od czego zacz\u0105\u0107? Jak stosowa\u0107 afirmacje, \u017ceby naprawd\u0119 dzia\u0142a\u0142y?","author":"Make Things Happen Today","date":"07\/02\/2025","format":false,"excerpt":"\u017bycie, kt\u00f3re prowadzimy, jest w du\u017cej mierze kszta\u0142towane przez nasze my\u015bli i przekonania. Codziennie, cz\u0119sto nie\u015bwiadomie, powtarzamy sobie r\u00f3\u017cne zdania \u2013 jedne dodaj\u0105 nam si\u0142y, inne wr\u0119cz przeciwnie, podcinaj\u0105 skrzyd\u0142a. Afirmacje to spos\u00f3b na to, by przej\u0105\u0107 kontrol\u0119 nad w\u0142asnym wewn\u0119trznym dialogiem i \u015bwiadomie kreowa\u0107 swoj\u0105 rzeczywisto\u015b\u0107. Ale jak zacz\u0105\u0107?\u2026","rel":"","context":"In &quot;Pok\u00f3j coachingowy - PL&quot;","block_context":{"text":"Pok\u00f3j coachingowy - PL","link":"https:\/\/makethingshappentoday.com\/de\/category\/pokoj-coachingowy-pl\/"},"img":{"alt_text":"","src":"https:\/\/i0.wp.com\/makethingshappentoday.com\/wp-content\/uploads\/2025\/02\/unnamed.png?resize=350%2C200&ssl=1","width":350,"height":200,"srcset":"https:\/\/i0.wp.com\/makethingshappentoday.com\/wp-content\/uploads\/2025\/02\/unnamed.png?resize=350%2C200&ssl=1 1x, https:\/\/i0.wp.com\/makethingshappentoday.com\/wp-content\/uploads\/2025\/02\/unnamed.png?resize=525%2C300&ssl=1 1.5x, https:\/\/i0.wp.com\/makethingshappentoday.com\/wp-content\/uploads\/2025\/02\/unnamed.png?resize=700%2C400&ssl=1 2x, https:\/\/i0.wp.com\/makethingshappentoday.com\/wp-content\/uploads\/2025\/02\/unnamed.png?resize=1050%2C600&ssl=1 3x, https:\/\/i0.wp.com\/makethingshappentoday.com\/wp-content\/uploads\/2025\/02\/unnamed.png?resize=1400%2C800&ssl=1 4x"},"classes":[]},{"id":7153,"url":"https:\/\/makethingshappentoday.com\/de\/2026\/02\/23\/diagnoza-adhd-u-dziecka\/","url_meta":{"origin":4370,"position":5},"title":"Diagnoza ADHD u dziecka &#8211; kompleksowa ocena funkcjonowania dziecka | S\u0142ubice","author":"Make Things Happen Today","date":"23\/02\/2026","format":false,"excerpt":"Diagnoza ADHD... Trudno\u015bci z koncentracj\u0105, impulsywno\u015b\u0107, nadmierna ruchliwo\u015b\u0107 czy problemy szkolne cz\u0119sto budz\u0105 u rodzic\u00f3w pytanie: Czy moje dziecko ma ADHD? Rzetelna odpowied\u017a nie powstaje podczas jednej wizyty ani na podstawie jednego testu. Diagnoza jest procesem, kt\u00f3ry pozwala zrozumie\u0107 funkcjonowanie dziecka i przyczyny trudno\u015bci. W NeuroMind prowadzona jest kompleksowa ocena\u2026","rel":"","context":"In &quot;Pok\u00f3j coachingowy - PL&quot;","block_context":{"text":"Pok\u00f3j coachingowy - PL","link":"https:\/\/makethingshappentoday.com\/de\/category\/pokoj-coachingowy-pl\/"},"img":{"alt_text":"Diagnoza ADHD u dziecka - kompleksowa ocena funkcjonowania dziecka | S\u0142ubice","src":"https:\/\/i0.wp.com\/makethingshappentoday.com\/wp-content\/uploads\/2026\/02\/B54E1D10-A3C2-463D-B3C4-D67B9668BD90-1.png?resize=350%2C200&ssl=1","width":350,"height":200,"srcset":"https:\/\/i0.wp.com\/makethingshappentoday.com\/wp-content\/uploads\/2026\/02\/B54E1D10-A3C2-463D-B3C4-D67B9668BD90-1.png?resize=350%2C200&ssl=1 1x, https:\/\/i0.wp.com\/makethingshappentoday.com\/wp-content\/uploads\/2026\/02\/B54E1D10-A3C2-463D-B3C4-D67B9668BD90-1.png?resize=525%2C300&ssl=1 1.5x, https:\/\/i0.wp.com\/makethingshappentoday.com\/wp-content\/uploads\/2026\/02\/B54E1D10-A3C2-463D-B3C4-D67B9668BD90-1.png?resize=700%2C400&ssl=1 2x"},"classes":[]}],"_links":{"self":[{"href":"https:\/\/makethingshappentoday.com\/de\/wp-json\/wp\/v2\/posts\/4370","targetHints":{"allow":["GET"]}}],"collection":[{"href":"https:\/\/makethingshappentoday.com\/de\/wp-json\/wp\/v2\/posts"}],"about":[{"href":"https:\/\/makethingshappentoday.com\/de\/wp-json\/wp\/v2\/types\/post"}],"author":[{"embeddable":true,"href":"https:\/\/makethingshappentoday.com\/de\/wp-json\/wp\/v2\/users\/112134480"}],"replies":[{"embeddable":true,"href":"https:\/\/makethingshappentoday.com\/de\/wp-json\/wp\/v2\/comments?post=4370"}],"version-history":[{"count":8,"href":"https:\/\/makethingshappentoday.com\/de\/wp-json\/wp\/v2\/posts\/4370\/revisions"}],"predecessor-version":[{"id":4382,"href":"https:\/\/makethingshappentoday.com\/de\/wp-json\/wp\/v2\/posts\/4370\/revisions\/4382"}],"wp:attachment":[{"href":"https:\/\/makethingshappentoday.com\/de\/wp-json\/wp\/v2\/media?parent=4370"}],"wp:term":[{"taxonomy":"category","embeddable":true,"href":"https:\/\/makethingshappentoday.com\/de\/wp-json\/wp\/v2\/categories?post=4370"},{"taxonomy":"post_tag","embeddable":true,"href":"https:\/\/makethingshappentoday.com\/de\/wp-json\/wp\/v2\/tags?post=4370"}],"curies":[{"name":"wp","href":"https:\/\/api.w.org\/{rel}","templated":true}]}}